{"id":3698,"date":"2025-09-08T14:47:19","date_gmt":"2025-09-08T18:47:19","guid":{"rendered":"http:\/\/100.27.51.67\/?p=3698"},"modified":"2025-09-08T15:14:46","modified_gmt":"2025-09-08T19:14:46","slug":"cares-up-grant-02-16-2023","status":"publish","type":"post","link":"https:\/\/www.vompd.com\/es\/cares-up-grant-02-16-2023\/","title":{"rendered":"Subvenci\u00f3n \u00a1CARES! UP \u2013 16\/02\/2023"},"content":{"rendered":"<p>Durante dos a\u00f1os, la localidad de Mamaroneck ha recibido la subvenci\u00f3n CARES! UP, que proporciona financiaci\u00f3n para apoyar la salud mental y el bienestar del personal uniformado. El 16 de febrero de 2023, el Departamento de Polic\u00eda de la localidad de Mamaroneck fue reconocido por el Centro de Prevenci\u00f3n del Suicidio de la Oficina de Salud Mental del Estado de Nueva York por su compromiso con la salud mental y el bienestar de todo el personal uniformado. En la foto: el teniente Mark Gatta con la Dra. Ann Sullivan, comisionada de la Oficina de Salud Mental del Estado de Nueva York.<\/p>\n\n\n\n<div class=\"alignnormal\"><div id=\"metaslider-id-3216\" style=\"width: 100%; margin: 0 auto;\" class=\"ml-slider-3-100-1 metaslider metaslider-flex metaslider-3216 ml-slider ms-theme-default nav-hidden\" role=\"region\" aria-label=\"\u00a1SE PREOCUPA! ARRIBA\" data-height=\"200\" data-width=\"400\">\n    <div id=\"metaslider_container_3216\">\n        <div id=\"metaslider_3216\">\n            <ul class='slides'>\n                <li style=\"display: block; width: 100%;\" class=\"slide-3218 ms-image\" aria-roledescription=\"slide\" data-date=\"2025-09-03 13:51:45\"><img loading=\"lazy\" decoding=\"async\" width=\"2286\" height=\"2560\" src=\"https:\/\/www.vompd.com\/wp-content\/uploads\/2023\/03\/Mamaroneck-Police-Department-scaled-1.jpg\" class=\"slider-3216 slide-3218 msDefaultImage\" alt=\"\" rel=\"\" title=\"Departamento de Polic\u00eda de Mamaroneck\" style=\"margin: 0 auto; width: 44.6484375%\" srcset=\"https:\/\/www.vompd.com\/wp-content\/uploads\/2023\/03\/Mamaroneck-Police-Department-scaled-1.jpg 2286w, https:\/\/www.vompd.com\/wp-content\/uploads\/2023\/03\/Mamaroneck-Police-Department-scaled-1-268x300.jpg 268w, https:\/\/www.vompd.com\/wp-content\/uploads\/2023\/03\/Mamaroneck-Police-Department-scaled-1-914x1024.jpg 914w, https:\/\/www.vompd.com\/wp-content\/uploads\/2023\/03\/Mamaroneck-Police-Department-scaled-1-768x860.jpg 768w, https:\/\/www.vompd.com\/wp-content\/uploads\/2023\/03\/Mamaroneck-Police-Department-scaled-1-1372x1536.jpg 1372w, https:\/\/www.vompd.com\/wp-content\/uploads\/2023\/03\/Mamaroneck-Police-Department-scaled-1-1829x2048.jpg 1829w\" sizes=\"auto, (max-width: 2286px) 100vw, 2286px\" \/><\/li>\n                <li style=\"display: none; width: 100%;\" class=\"slide-3217 ms-image\" aria-roledescription=\"slide\" data-date=\"2025-09-03 13:51:45\"><img loading=\"lazy\" decoding=\"async\" width=\"2135\" height=\"2560\" src=\"https:\/\/www.vompd.com\/wp-content\/uploads\/2023\/03\/Award-Plaque-scaled-1.jpg\" class=\"slider-3216 slide-3217 msDefaultImage\" alt=\"\" rel=\"\" title=\"Premio - Placa\" style=\"margin: 0 auto; width: 41.69921875%\" srcset=\"https:\/\/www.vompd.com\/wp-content\/uploads\/2023\/03\/Award-Plaque-scaled-1.jpg 2135w, https:\/\/www.vompd.com\/wp-content\/uploads\/2023\/03\/Award-Plaque-scaled-1-250x300.jpg 250w, https:\/\/www.vompd.com\/wp-content\/uploads\/2023\/03\/Award-Plaque-scaled-1-854x1024.jpg 854w, https:\/\/www.vompd.com\/wp-content\/uploads\/2023\/03\/Award-Plaque-scaled-1-768x921.jpg 768w, https:\/\/www.vompd.com\/wp-content\/uploads\/2023\/03\/Award-Plaque-scaled-1-1281x1536.jpg 1281w, https:\/\/www.vompd.com\/wp-content\/uploads\/2023\/03\/Award-Plaque-scaled-1-1708x2048.jpg 1708w\" sizes=\"auto, (max-width: 2135px) 100vw, 2135px\" \/><\/li>\n            <\/ul>\n        <\/div>\n        \n    <\/div>\n<\/div><\/div>","protected":false},"excerpt":{"rendered":"<p>\u00a1Por 2 a\u00f1os el pueblo de Mamaroneck ha sido beneficiario del programa CARES!\u2026<\/p>","protected":false},"author":1,"featured_media":0,"comment_status":"open","ping_status":"open","sticky":false,"template":"","format":"standard","meta":{"_kadence_starter_templates_imported_post":false,"_kad_post_transparent":"","_kad_post_title":"","_kad_post_layout":"","_kad_post_sidebar_id":"","_kad_post_content_style":"","_kad_post_vertical_padding":"","_kad_post_feature":"","_kad_post_feature_position":"","_kad_post_header":false,"_kad_post_footer":false,"footnotes":""},"categories":[5],"tags":[],"class_list":["post-3698","post","type-post","status-publish","format-standard","hentry","category-events"],"yoast_head":"<!-- This site is optimized with the Yoast SEO plugin v25.9 - https:\/\/yoast.com\/wordpress\/plugins\/seo\/ -->\n<title>CARES! UP Grant - 02\/16\/2023 - Village of Mamaroneck Police Department<\/title>\n<meta name=\"robots\" content=\"index, follow, max-snippet:-1, max-image-preview:large, max-video-preview:-1\" \/>\n<link rel=\"canonical\" href=\"https:\/\/www.vompd.com\/es\/cares-up-grant-02-16-2023\/\" \/>\n<meta property=\"og:locale\" content=\"es_ES\" \/>\n<meta property=\"og:type\" content=\"article\" \/>\n<meta property=\"og:title\" content=\"CARES! UP Grant - 02\/16\/2023 - Village of Mamaroneck Police Department\" \/>\n<meta property=\"og:description\" content=\"For 2 years the Village of Mamaroneck has been the recipient of the CARES!...\" \/>\n<meta property=\"og:url\" content=\"https:\/\/www.vompd.com\/es\/cares-up-grant-02-16-2023\/\" \/>\n<meta property=\"og:site_name\" content=\"Village of Mamaroneck Police Department\" \/>\n<meta property=\"article:published_time\" content=\"2025-09-08T18:47:19+00:00\" \/>\n<meta property=\"article:modified_time\" content=\"2025-09-08T19:14:46+00:00\" \/>\n<meta name=\"author\" content=\"eciraco\" \/>\n<meta name=\"twitter:card\" content=\"summary_large_image\" \/>\n<meta name=\"twitter:label1\" content=\"Escrito por\" \/>\n\t<meta name=\"twitter:data1\" content=\"eciraco\" \/>\n<script type=\"application\/ld+json\" class=\"yoast-schema-graph\">{\"@context\":\"https:\/\/schema.org\",\"@graph\":[{\"@type\":\"Article\",\"@id\":\"https:\/\/www.vompd.com\/cares-up-grant-02-16-2023\/#article\",\"isPartOf\":{\"@id\":\"https:\/\/www.vompd.com\/cares-up-grant-02-16-2023\/\"},\"author\":{\"name\":\"eciraco\",\"@id\":\"https:\/\/www.vompd.com\/#\/schema\/person\/c8d4a855507df789e16e23bfc03a6c4e\"},\"headline\":\"CARES! UP Grant &#8211; 02\/16\/2023\",\"datePublished\":\"2025-09-08T18:47:19+00:00\",\"dateModified\":\"2025-09-08T19:14:46+00:00\",\"mainEntityOfPage\":{\"@id\":\"https:\/\/www.vompd.com\/cares-up-grant-02-16-2023\/\"},\"wordCount\":80,\"commentCount\":0,\"publisher\":{\"@id\":\"https:\/\/www.vompd.com\/#organization\"},\"articleSection\":[\"Events\"],\"inLanguage\":\"es\",\"potentialAction\":[{\"@type\":\"CommentAction\",\"name\":\"Comment\",\"target\":[\"https:\/\/www.vompd.com\/cares-up-grant-02-16-2023\/#respond\"]}]},{\"@type\":\"WebPage\",\"@id\":\"https:\/\/www.vompd.com\/cares-up-grant-02-16-2023\/\",\"url\":\"https:\/\/www.vompd.com\/cares-up-grant-02-16-2023\/\",\"name\":\"CARES! UP Grant - 02\/16\/2023 - Village of Mamaroneck Police Department\",\"isPartOf\":{\"@id\":\"https:\/\/www.vompd.com\/#website\"},\"datePublished\":\"2025-09-08T18:47:19+00:00\",\"dateModified\":\"2025-09-08T19:14:46+00:00\",\"breadcrumb\":{\"@id\":\"https:\/\/www.vompd.com\/cares-up-grant-02-16-2023\/#breadcrumb\"},\"inLanguage\":\"es\",\"potentialAction\":[{\"@type\":\"ReadAction\",\"target\":[\"https:\/\/www.vompd.com\/cares-up-grant-02-16-2023\/\"]}]},{\"@type\":\"BreadcrumbList\",\"@id\":\"https:\/\/www.vompd.com\/cares-up-grant-02-16-2023\/#breadcrumb\",\"itemListElement\":[{\"@type\":\"ListItem\",\"position\":1,\"name\":\"Home\",\"item\":\"https:\/\/www.vompd.com\/\"},{\"@type\":\"ListItem\",\"position\":2,\"name\":\"CARES! UP Grant &#8211; 02\/16\/2023\"}]},{\"@type\":\"WebSite\",\"@id\":\"https:\/\/www.vompd.com\/#website\",\"url\":\"https:\/\/www.vompd.com\/\",\"name\":\"Village of Mamaroneck Police Department\",\"description\":\"Vision. Mindfulness. Professionalism. Dedication.\",\"publisher\":{\"@id\":\"https:\/\/www.vompd.com\/#organization\"},\"potentialAction\":[{\"@type\":\"SearchAction\",\"target\":{\"@type\":\"EntryPoint\",\"urlTemplate\":\"https:\/\/www.vompd.com\/?s={search_term_string}\"},\"query-input\":{\"@type\":\"PropertyValueSpecification\",\"valueRequired\":true,\"valueName\":\"search_term_string\"}}],\"inLanguage\":\"es\"},{\"@type\":\"Organization\",\"@id\":\"https:\/\/www.vompd.com\/#organization\",\"name\":\"Village of Mamaroneck Police Department\",\"url\":\"https:\/\/www.vompd.com\/\",\"logo\":{\"@type\":\"ImageObject\",\"inLanguage\":\"es\",\"@id\":\"https:\/\/www.vompd.com\/#\/schema\/logo\/image\/\",\"url\":\"https:\/\/www.vompd.com\/wp-content\/uploads\/2026\/04\/Mamaroneck-Village-P.D.png\",\"contentUrl\":\"https:\/\/www.vompd.com\/wp-content\/uploads\/2026\/04\/Mamaroneck-Village-P.D.png\",\"width\":2000,\"height\":2000,\"caption\":\"Village of Mamaroneck Police Department\"},\"image\":{\"@id\":\"https:\/\/www.vompd.com\/#\/schema\/logo\/image\/\"}},{\"@type\":\"Person\",\"@id\":\"https:\/\/www.vompd.com\/#\/schema\/person\/c8d4a855507df789e16e23bfc03a6c4e\",\"name\":\"eciraco\",\"image\":{\"@type\":\"ImageObject\",\"inLanguage\":\"es\",\"@id\":\"https:\/\/www.vompd.com\/#\/schema\/person\/image\/\",\"url\":\"https:\/\/secure.gravatar.com\/avatar\/33e54dec0cd79fc4b5e911c15f836c46ec8d0e452ecd3ca5f707bce0a3540a3b?s=96&d=mm&r=g\",\"contentUrl\":\"https:\/\/secure.gravatar.com\/avatar\/33e54dec0cd79fc4b5e911c15f836c46ec8d0e452ecd3ca5f707bce0a3540a3b?s=96&d=mm&r=g\",\"caption\":\"eciraco\"},\"sameAs\":[\"http:\/\/vompd.com\"],\"url\":\"https:\/\/www.vompd.com\/es\/author\/eciraco\/\"}]}<\/script>\n<!-- \/ Yoast SEO plugin. -->","yoast_head_json":{"title":"CARES! UP Grant - 02\/16\/2023 - Village of Mamaroneck Police Department","robots":{"index":"index","follow":"follow","max-snippet":"max-snippet:-1","max-image-preview":"max-image-preview:large","max-video-preview":"max-video-preview:-1"},"canonical":"https:\/\/www.vompd.com\/es\/cares-up-grant-02-16-2023\/","og_locale":"es_ES","og_type":"article","og_title":"CARES! UP Grant - 02\/16\/2023 - Village of Mamaroneck Police Department","og_description":"For 2 years the Village of Mamaroneck has been the recipient of the CARES!...","og_url":"https:\/\/www.vompd.com\/es\/cares-up-grant-02-16-2023\/","og_site_name":"Village of Mamaroneck Police Department","article_published_time":"2025-09-08T18:47:19+00:00","article_modified_time":"2025-09-08T19:14:46+00:00","author":"eciraco","twitter_card":"summary_large_image","twitter_misc":{"Escrito por":"eciraco"},"schema":{"@context":"https:\/\/schema.org","@graph":[{"@type":"Article","@id":"https:\/\/www.vompd.com\/cares-up-grant-02-16-2023\/#article","isPartOf":{"@id":"https:\/\/www.vompd.com\/cares-up-grant-02-16-2023\/"},"author":{"name":"eciraco","@id":"https:\/\/www.vompd.com\/#\/schema\/person\/c8d4a855507df789e16e23bfc03a6c4e"},"headline":"CARES! UP Grant &#8211; 02\/16\/2023","datePublished":"2025-09-08T18:47:19+00:00","dateModified":"2025-09-08T19:14:46+00:00","mainEntityOfPage":{"@id":"https:\/\/www.vompd.com\/cares-up-grant-02-16-2023\/"},"wordCount":80,"commentCount":0,"publisher":{"@id":"https:\/\/www.vompd.com\/#organization"},"articleSection":["Events"],"inLanguage":"es","potentialAction":[{"@type":"CommentAction","name":"Comment","target":["https:\/\/www.vompd.com\/cares-up-grant-02-16-2023\/#respond"]}]},{"@type":"WebPage","@id":"https:\/\/www.vompd.com\/cares-up-grant-02-16-2023\/","url":"https:\/\/www.vompd.com\/cares-up-grant-02-16-2023\/","name":"CARES! UP Grant - 02\/16\/2023 - Village of Mamaroneck Police Department","isPartOf":{"@id":"https:\/\/www.vompd.com\/#website"},"datePublished":"2025-09-08T18:47:19+00:00","dateModified":"2025-09-08T19:14:46+00:00","breadcrumb":{"@id":"https:\/\/www.vompd.com\/cares-up-grant-02-16-2023\/#breadcrumb"},"inLanguage":"es","potentialAction":[{"@type":"ReadAction","target":["https:\/\/www.vompd.com\/cares-up-grant-02-16-2023\/"]}]},{"@type":"BreadcrumbList","@id":"https:\/\/www.vompd.com\/cares-up-grant-02-16-2023\/#breadcrumb","itemListElement":[{"@type":"ListItem","position":1,"name":"Home","item":"https:\/\/www.vompd.com\/"},{"@type":"ListItem","position":2,"name":"CARES! UP Grant &#8211; 02\/16\/2023"}]},{"@type":"WebSite","@id":"https:\/\/www.vompd.com\/#website","url":"https:\/\/www.vompd.com\/","name":"Departamento de Polic\u00eda de la Villa de Mamaroneck","description":"Visi\u00f3n. Conciencia. Profesionalismo. Dedicaci\u00f3n.","publisher":{"@id":"https:\/\/www.vompd.com\/#organization"},"potentialAction":[{"@type":"SearchAction","target":{"@type":"EntryPoint","urlTemplate":"https:\/\/www.vompd.com\/?s={search_term_string}"},"query-input":{"@type":"PropertyValueSpecification","valueRequired":true,"valueName":"search_term_string"}}],"inLanguage":"es"},{"@type":"Organization","@id":"https:\/\/www.vompd.com\/#organization","name":"Departamento de Polic\u00eda de la Villa de Mamaroneck","url":"https:\/\/www.vompd.com\/","logo":{"@type":"ImageObject","inLanguage":"es","@id":"https:\/\/www.vompd.com\/#\/schema\/logo\/image\/","url":"https:\/\/www.vompd.com\/wp-content\/uploads\/2026\/04\/Mamaroneck-Village-P.D.png","contentUrl":"https:\/\/www.vompd.com\/wp-content\/uploads\/2026\/04\/Mamaroneck-Village-P.D.png","width":2000,"height":2000,"caption":"Village of Mamaroneck Police Department"},"image":{"@id":"https:\/\/www.vompd.com\/#\/schema\/logo\/image\/"}},{"@type":"Person","@id":"https:\/\/www.vompd.com\/#\/schema\/person\/c8d4a855507df789e16e23bfc03a6c4e","name":"eciraco","image":{"@type":"ImageObject","inLanguage":"es","@id":"https:\/\/www.vompd.com\/#\/schema\/person\/image\/","url":"https:\/\/secure.gravatar.com\/avatar\/33e54dec0cd79fc4b5e911c15f836c46ec8d0e452ecd3ca5f707bce0a3540a3b?s=96&d=mm&r=g","contentUrl":"https:\/\/secure.gravatar.com\/avatar\/33e54dec0cd79fc4b5e911c15f836c46ec8d0e452ecd3ca5f707bce0a3540a3b?s=96&d=mm&r=g","caption":"eciraco"},"sameAs":["http:\/\/vompd.com"],"url":"https:\/\/www.vompd.com\/es\/author\/eciraco\/"}]}},"_links":{"self":[{"href":"https:\/\/www.vompd.com\/es\/wp-json\/wp\/v2\/posts\/3698","targetHints":{"allow":["GET"]}}],"collection":[{"href":"https:\/\/www.vompd.com\/es\/wp-json\/wp\/v2\/posts"}],"about":[{"href":"https:\/\/www.vompd.com\/es\/wp-json\/wp\/v2\/types\/post"}],"author":[{"embeddable":true,"href":"https:\/\/www.vompd.com\/es\/wp-json\/wp\/v2\/users\/1"}],"replies":[{"embeddable":true,"href":"https:\/\/www.vompd.com\/es\/wp-json\/wp\/v2\/comments?post=3698"}],"version-history":[{"count":2,"href":"https:\/\/www.vompd.com\/es\/wp-json\/wp\/v2\/posts\/3698\/revisions"}],"predecessor-version":[{"id":3700,"href":"https:\/\/www.vompd.com\/es\/wp-json\/wp\/v2\/posts\/3698\/revisions\/3700"}],"wp:attachment":[{"href":"https:\/\/www.vompd.com\/es\/wp-json\/wp\/v2\/media?parent=3698"}],"wp:term":[{"taxonomy":"category","embeddable":true,"href":"https:\/\/www.vompd.com\/es\/wp-json\/wp\/v2\/categories?post=3698"},{"taxonomy":"post_tag","embeddable":true,"href":"https:\/\/www.vompd.com\/es\/wp-json\/wp\/v2\/tags?post=3698"}],"curies":[{"name":"wp","href":"https:\/\/api.w.org\/{rel}","templated":true}]}}